{"id":222,"date":"2025-10-19T12:42:07","date_gmt":"2025-10-19T15:42:07","guid":{"rendered":"https:\/\/grupoemep.com.br\/grupo-emep\/?p=222"},"modified":"2025-10-24T23:44:17","modified_gmt":"2025-10-25T02:44:17","slug":"tendencias-no-mercado-de-locacao-e-servicos-de-suporte-para-construcao-civil-e-industria-em-goias-e-no-centro-oeste","status":"publish","type":"post","link":"https:\/\/grupoemep.com.br\/grupo-emep\/blog\/tendencias-no-mercado-de-locacao-e-servicos-de-suporte-para-construcao-civil-e-industria-em-goias-e-no-centro-oeste\/","title":{"rendered":"Tend\u00eancias no mercado de loca\u00e7\u00e3o e servi\u00e7os de suporte para constru\u00e7\u00e3o civil e ind\u00fastria em Goi\u00e1s e no Centro-Oeste"},"content":{"rendered":"\n<p>O mercado regional est\u00e1 aquecido e cheio de oportunidades.<\/p>\n\n\n\n<h4 class=\"wp-block-heading\"><strong>Crescimento e potencial<\/strong><\/h4>\n\n\n\n<p>Goi\u00e1s e o Centro-Oeste est\u00e3o em expans\u00e3o no setor de constru\u00e7\u00e3o e infraestrutura, aumentando a demanda por equipamentos e servi\u00e7os especializados.<\/p>\n\n\n\n<h4 class=\"wp-block-heading\"><strong>A presen\u00e7a forte da EMEP Rental na regi\u00e3o<\/strong><\/h4>\n\n\n\n<p>Com sede e opera\u00e7\u00e3o estrat\u00e9gica, a EMEP Rental oferece suporte r\u00e1pido e atendimento personalizado para clientes locais.<\/p>\n\n\n\n<h4 class=\"wp-block-heading\"><strong>Proximidade e confian\u00e7a<\/strong><\/h4>\n\n\n\n<p>Atender de forma regional garante agilidade e parcerias duradouras.<\/p>\n\n\n\n<h4 class=\"wp-block-heading\"><strong>Conclus\u00e3o<\/strong><\/h4>\n\n\n\n<p>O desenvolvimento do Centro-Oeste passa por quem faz a diferen\u00e7a.<\/p>\n\n\n\n<p><strong>Conte com a EMEP Rental para impulsionar seus projetos em Goi\u00e1s e regi\u00e3o.<\/strong><br><br><strong>Fonte:<\/strong> Fl\u00e1vio Telles &#8211; <a href=\"https:\/\/www.webcriacoes.com.br\" target=\"_blank\" rel=\"noopener\" title=\"\">webcriacoes.com.br<\/a><\/p>\n\n\n\n<p><\/p>\n","protected":false},"excerpt":{"rendered":"<p>O mercado regional est\u00e1 aquecido e cheio de oportunidades.<\/p>\n","protected":false},"author":1,"featured_media":235,"comment_status":"open","ping_status":"open","sticky":false,"template":"","format":"standard","meta":{"_monsterinsights_skip_tracking":false,"_monsterinsights_sitenote_active":false,"_monsterinsights_sitenote_note":"","_monsterinsights_sitenote_category":0,"footnotes":""},"categories":[14],"tags":[],"class_list":["post-222","post","type-post","status-publish","format-standard","has-post-thumbnail","hentry","category-rental"],"aioseo_notices":[],"_links":{"self":[{"href":"https:\/\/grupoemep.com.br\/grupo-emep\/wp-json\/wp\/v2\/posts\/222","targetHints":{"allow":["GET"]}}],"collection":[{"href":"https:\/\/grupoemep.com.br\/grupo-emep\/wp-json\/wp\/v2\/posts"}],"about":[{"href":"https:\/\/grupoemep.com.br\/grupo-emep\/wp-json\/wp\/v2\/types\/post"}],"author":[{"embeddable":true,"href":"https:\/\/grupoemep.com.br\/grupo-emep\/wp-json\/wp\/v2\/users\/1"}],"replies":[{"embeddable":true,"href":"https:\/\/grupoemep.com.br\/grupo-emep\/wp-json\/wp\/v2\/comments?post=222"}],"version-history":[{"count":6,"href":"https:\/\/grupoemep.com.br\/grupo-emep\/wp-json\/wp\/v2\/posts\/222\/revisions"}],"predecessor-version":[{"id":307,"href":"https:\/\/grupoemep.com.br\/grupo-emep\/wp-json\/wp\/v2\/posts\/222\/revisions\/307"}],"wp:featuredmedia":[{"embeddable":true,"href":"https:\/\/grupoemep.com.br\/grupo-emep\/wp-json\/wp\/v2\/media\/235"}],"wp:attachment":[{"href":"https:\/\/grupoemep.com.br\/grupo-emep\/wp-json\/wp\/v2\/media?parent=222"}],"wp:term":[{"taxonomy":"category","embeddable":true,"href":"https:\/\/grupoemep.com.br\/grupo-emep\/wp-json\/wp\/v2\/categories?post=222"},{"taxonomy":"post_tag","embeddable":true,"href":"https:\/\/grupoemep.com.br\/grupo-emep\/wp-json\/wp\/v2\/tags?post=222"}],"curies":[{"name":"wp","href":"https:\/\/api.w.org\/{rel}","templated":true}]}}