{"id":178,"date":"2025-10-19T11:00:15","date_gmt":"2025-10-19T14:00:15","guid":{"rendered":"https:\/\/grupoemep.com.br\/grupo-emep\/?p=178"},"modified":"2025-10-24T10:02:08","modified_gmt":"2025-10-24T13:02:08","slug":"o-futuro-da-geracao-de-energia-fotovoltaica-no-brasil-e-o-papel-da-energia","status":"publish","type":"post","link":"https:\/\/grupoemep.com.br\/grupo-emep\/blog\/o-futuro-da-geracao-de-energia-fotovoltaica-no-brasil-e-o-papel-da-energia\/","title":{"rendered":"O futuro da gera\u00e7\u00e3o de energia fotovoltaica no Brasil e o papel da energia"},"content":{"rendered":"\n<p>A energia solar est\u00e1 transformando o cen\u00e1rio energ\u00e9tico brasileiro. Com a busca crescente por fontes renov\u00e1veis e sustent\u00e1veis, a gera\u00e7\u00e3o fotovoltaica tornou-se uma das principais alternativas para empresas e resid\u00eancias que desejam reduzir custos e contribuir para o meio ambiente.<\/p>\n\n\n\n<h2 class=\"wp-block-heading\"><strong>O crescimento da energia solar no Brasil<\/strong><\/h2>\n\n\n\n<p>Nos \u00faltimos anos, o Brasil vem registrando recordes na instala\u00e7\u00e3o de sistemas solares. A populariza\u00e7\u00e3o da gera\u00e7\u00e3o distribu\u00edda e os incentivos regulat\u00f3rios impulsionaram esse mercado, tornando-o mais acess\u00edvel e atrativo.<\/p>\n\n\n\n<h2 class=\"wp-block-heading\"><strong>Como a EMEP Energia atua neste cen\u00e1rio<\/strong><\/h2>\n\n\n\n<p>A EMEP Energia \u00e9 refer\u00eancia em solu\u00e7\u00f5es de gera\u00e7\u00e3o solar. Oferece projetos completos de energia fotovoltaica \u2014 desde o estudo t\u00e9cnico e viabilidade at\u00e9 a instala\u00e7\u00e3o e manuten\u00e7\u00e3o \u2014 garantindo efici\u00eancia, seguran\u00e7a e economia.<\/p>\n\n\n\n<h2 class=\"wp-block-heading\"><strong>Sustentabilidade e competitividade para empresas<\/strong><\/h2>\n\n\n\n<p>Investir em energia solar com a EMEP Energia \u00e9 investir em futuro. Al\u00e9m de reduzir a conta de energia, a empresa fortalece sua imagem sustent\u00e1vel e melhora sua competitividade.<\/p>\n\n\n\n<h2 class=\"wp-block-heading\"><strong>Conclus\u00e3o<\/strong><\/h2>\n\n\n\n<p>O futuro da energia \u00e9 renov\u00e1vel, e a EMEP Energia est\u00e1 pronta para gui\u00e1-lo nessa transi\u00e7\u00e3o.<\/p>\n\n\n\n<p><strong>Fonte:<\/strong> Fl\u00e1vio Telles &#8211; <a href=\"https:\/\/www.webcriacoes.com.br\" target=\"_blank\" rel=\"noopener\" title=\"\">webcriacoes.com.br<\/a><\/p>\n","protected":false},"excerpt":{"rendered":"<p>Com a busca crescente por fontes renov\u00e1veis e sustent\u00e1veis, a gera\u00e7\u00e3o fotovoltaica tornou-se uma das principais alternativas para empresas e resid\u00eancias que desejam reduzir custos e contribuir para o meio ambiente.<\/p>\n","protected":false},"author":1,"featured_media":179,"comment_status":"open","ping_status":"open","sticky":false,"template":"","format":"standard","meta":{"_monsterinsights_skip_tracking":false,"_monsterinsights_sitenote_active":false,"_monsterinsights_sitenote_note":"","_monsterinsights_sitenote_category":0,"footnotes":""},"categories":[13],"tags":[],"class_list":["post-178","post","type-post","status-publish","format-standard","has-post-thumbnail","hentry","category-energia"],"aioseo_notices":[],"_links":{"self":[{"href":"https:\/\/grupoemep.com.br\/grupo-emep\/wp-json\/wp\/v2\/posts\/178","targetHints":{"allow":["GET"]}}],"collection":[{"href":"https:\/\/grupoemep.com.br\/grupo-emep\/wp-json\/wp\/v2\/posts"}],"about":[{"href":"https:\/\/grupoemep.com.br\/grupo-emep\/wp-json\/wp\/v2\/types\/post"}],"author":[{"embeddable":true,"href":"https:\/\/grupoemep.com.br\/grupo-emep\/wp-json\/wp\/v2\/users\/1"}],"replies":[{"embeddable":true,"href":"https:\/\/grupoemep.com.br\/grupo-emep\/wp-json\/wp\/v2\/comments?post=178"}],"version-history":[{"count":4,"href":"https:\/\/grupoemep.com.br\/grupo-emep\/wp-json\/wp\/v2\/posts\/178\/revisions"}],"predecessor-version":[{"id":288,"href":"https:\/\/grupoemep.com.br\/grupo-emep\/wp-json\/wp\/v2\/posts\/178\/revisions\/288"}],"wp:featuredmedia":[{"embeddable":true,"href":"https:\/\/grupoemep.com.br\/grupo-emep\/wp-json\/wp\/v2\/media\/179"}],"wp:attachment":[{"href":"https:\/\/grupoemep.com.br\/grupo-emep\/wp-json\/wp\/v2\/media?parent=178"}],"wp:term":[{"taxonomy":"category","embeddable":true,"href":"https:\/\/grupoemep.com.br\/grupo-emep\/wp-json\/wp\/v2\/categories?post=178"},{"taxonomy":"post_tag","embeddable":true,"href":"https:\/\/grupoemep.com.br\/grupo-emep\/wp-json\/wp\/v2\/tags?post=178"}],"curies":[{"name":"wp","href":"https:\/\/api.w.org\/{rel}","templated":true}]}}